{"id":232,"date":"2025-06-06T14:30:23","date_gmt":"2025-06-06T12:30:23","guid":{"rendered":"https:\/\/abeillesenville.fr\/?p=232"},"modified":"2025-06-15T19:20:14","modified_gmt":"2025-06-15T17:20:14","slug":"la-semaine-des-fleurs-pour-les-abeilles-jardiland","status":"publish","type":"post","link":"https:\/\/abeillesenville.fr\/index.php\/2025\/06\/06\/la-semaine-des-fleurs-pour-les-abeilles-jardiland\/","title":{"rendered":"La semaine \u00ab\u00a0Des fleurs pour les abeilles\u00a0\u00bb jardiland"},"content":{"rendered":"\n<figure class=\"wp-block-image size-large\"><img decoding=\"async\" width=\"1024\" height=\"765\" src=\"https:\/\/abeillesenville.fr\/wp-content\/uploads\/2025\/06\/jardiland-2025-1024x765.jpg\" alt=\"\" class=\"wp-image-219\" srcset=\"https:\/\/abeillesenville.fr\/wp-content\/uploads\/2025\/06\/jardiland-2025-1024x765.jpg 1024w, https:\/\/abeillesenville.fr\/wp-content\/uploads\/2025\/06\/jardiland-2025-300x224.jpg 300w, https:\/\/abeillesenville.fr\/wp-content\/uploads\/2025\/06\/jardiland-2025-768x574.jpg 768w, https:\/\/abeillesenville.fr\/wp-content\/uploads\/2025\/06\/jardiland-2025-1536x1147.jpg 1536w, https:\/\/abeillesenville.fr\/wp-content\/uploads\/2025\/06\/jardiland-2025-2048x1530.jpg 2048w, https:\/\/abeillesenville.fr\/wp-content\/uploads\/2025\/06\/jardiland-2025-362x270.jpg 362w\" sizes=\"(max-width: 1024px) 100vw, 1024px\" \/><\/figure>\n\n\n\n<p>Les \u00e9l\u00e8ves de l&rsquo;\u00e9cole Bourdeniere de Chen\u00f4ve  sont venus assister \u00e0 l&rsquo;animation organis\u00e9e pour eux  au milieu des fleurs de la serre de Jardiland de Chen\u00f4ve. <\/p>\n","protected":false},"excerpt":{"rendered":"<p>Les \u00e9l\u00e8ves de l&rsquo;\u00e9cole Bourdeniere de Chen\u00f4ve sont venus assister \u00e0 l&rsquo;animation organis\u00e9e pour eux au milieu des fleurs de la serre de Jardiland de Chen\u00f4ve.<\/p>\n","protected":false},"author":3,"featured_media":0,"comment_status":"closed","ping_status":"closed","sticky":false,"template":"","format":"standard","meta":{"footnotes":""},"categories":[9,11],"tags":[],"class_list":["post-232","post","type-post","status-publish","format-standard","hentry","category-animation","category-evenement"],"_links":{"self":[{"href":"https:\/\/abeillesenville.fr\/index.php\/wp-json\/wp\/v2\/posts\/232","targetHints":{"allow":["GET"]}}],"collection":[{"href":"https:\/\/abeillesenville.fr\/index.php\/wp-json\/wp\/v2\/posts"}],"about":[{"href":"https:\/\/abeillesenville.fr\/index.php\/wp-json\/wp\/v2\/types\/post"}],"author":[{"embeddable":true,"href":"https:\/\/abeillesenville.fr\/index.php\/wp-json\/wp\/v2\/users\/3"}],"replies":[{"embeddable":true,"href":"https:\/\/abeillesenville.fr\/index.php\/wp-json\/wp\/v2\/comments?post=232"}],"version-history":[{"count":1,"href":"https:\/\/abeillesenville.fr\/index.php\/wp-json\/wp\/v2\/posts\/232\/revisions"}],"predecessor-version":[{"id":233,"href":"https:\/\/abeillesenville.fr\/index.php\/wp-json\/wp\/v2\/posts\/232\/revisions\/233"}],"wp:attachment":[{"href":"https:\/\/abeillesenville.fr\/index.php\/wp-json\/wp\/v2\/media?parent=232"}],"wp:term":[{"taxonomy":"category","embeddable":true,"href":"https:\/\/abeillesenville.fr\/index.php\/wp-json\/wp\/v2\/categories?post=232"},{"taxonomy":"post_tag","embeddable":true,"href":"https:\/\/abeillesenville.fr\/index.php\/wp-json\/wp\/v2\/tags?post=232"}],"curies":[{"name":"wp","href":"https:\/\/api.w.org\/{rel}","templated":true}]}}