{"id":424,"date":"2026-03-07T14:30:04","date_gmt":"2026-03-07T13:30:04","guid":{"rendered":"https:\/\/abeillesenville.fr\/?p=424"},"modified":"2026-03-15T08:32:03","modified_gmt":"2026-03-15T07:32:03","slug":"assemblee-generale-daev-2025","status":"publish","type":"post","link":"https:\/\/abeillesenville.fr\/index.php\/2026\/03\/07\/assemblee-generale-daev-2025\/","title":{"rendered":"Assembl\u00e9e g\u00e9n\u00e9rale  DAEV 2025"},"content":{"rendered":"\n<figure class=\"wp-block-image size-large\"><img decoding=\"async\" width=\"1024\" height=\"768\" src=\"https:\/\/abeillesenville.fr\/wp-content\/uploads\/2026\/03\/ag-daev-20260307-1-1024x768.jpg\" alt=\"assembl\u00e9e g\u00e9n\u00e9rale 2025\" class=\"wp-image-419\" srcset=\"https:\/\/abeillesenville.fr\/wp-content\/uploads\/2026\/03\/ag-daev-20260307-1-1024x768.jpg 1024w, https:\/\/abeillesenville.fr\/wp-content\/uploads\/2026\/03\/ag-daev-20260307-1-300x225.jpg 300w, https:\/\/abeillesenville.fr\/wp-content\/uploads\/2026\/03\/ag-daev-20260307-1-768x576.jpg 768w, https:\/\/abeillesenville.fr\/wp-content\/uploads\/2026\/03\/ag-daev-20260307-1-1536x1152.jpg 1536w, https:\/\/abeillesenville.fr\/wp-content\/uploads\/2026\/03\/ag-daev-20260307-1-2048x1536.jpg 2048w, https:\/\/abeillesenville.fr\/wp-content\/uploads\/2026\/03\/ag-daev-20260307-1-360x270.jpg 360w\" sizes=\"(max-width: 1024px) 100vw, 1024px\" \/><\/figure>\n\n\n\n<p>Notre assembl\u00e9e g\u00e9n\u00e9rale 2025 s\u2019est tenue le 7 mars 2026 \u00e0 la MVA de Chen\u00f4ve.<\/p>\n\n\n\n<p>Les adh\u00e9rents \u00e9taient au rendez-vous.<\/p>\n\n\n\n<p>L\u2019ann\u00e9e 2025 a \u00e9t\u00e9 riche de rencontres (animations, initiations, ateliers, soir\u00e9es, r\u00e9unions, etc.).<\/p>\n\n\n\n<p>L\u2019association a sign\u00e9 une convention avec un nouveau partenaire.<\/p>\n\n\n\n<p>Suite au renouvellement des membres du bureau, l\u2019\u00e9quipe reste inchang\u00e9e.<\/p>\n\n\n\n<p>La r\u00e9union s\u2019est termin\u00e9e sur un pot convivial, propice aux \u00e9changes entre adh\u00e9rents.<\/p>\n\n\n\n<p><\/p>\n","protected":false},"excerpt":{"rendered":"<p>Notre assembl\u00e9e g\u00e9n\u00e9rale 2025 s\u2019est tenue le 7 mars 2026 \u00e0 la MVA de Chen\u00f4ve. Les adh\u00e9rents \u00e9taient au rendez-vous. L\u2019ann\u00e9e 2025 a \u00e9t\u00e9 riche de rencontres (animations, initiations, ateliers, soir\u00e9es, r\u00e9unions, etc.). L\u2019association a sign\u00e9 une convention avec un nouveau partenaire. Suite au renouvellement des membres du bureau, l\u2019\u00e9quipe reste inchang\u00e9e. La r\u00e9union s\u2019est termin\u00e9e sur un pot convivial, propice aux \u00e9changes entre adh\u00e9rents.<\/p>\n","protected":false},"author":3,"featured_media":0,"comment_status":"closed","ping_status":"closed","sticky":false,"template":"","format":"standard","meta":{"footnotes":""},"categories":[11,1],"tags":[50,51],"class_list":["post-424","post","type-post","status-publish","format-standard","hentry","category-evenement","category-non-classe","tag-assemblee","tag-generale"],"_links":{"self":[{"href":"https:\/\/abeillesenville.fr\/index.php\/wp-json\/wp\/v2\/posts\/424","targetHints":{"allow":["GET"]}}],"collection":[{"href":"https:\/\/abeillesenville.fr\/index.php\/wp-json\/wp\/v2\/posts"}],"about":[{"href":"https:\/\/abeillesenville.fr\/index.php\/wp-json\/wp\/v2\/types\/post"}],"author":[{"embeddable":true,"href":"https:\/\/abeillesenville.fr\/index.php\/wp-json\/wp\/v2\/users\/3"}],"replies":[{"embeddable":true,"href":"https:\/\/abeillesenville.fr\/index.php\/wp-json\/wp\/v2\/comments?post=424"}],"version-history":[{"count":1,"href":"https:\/\/abeillesenville.fr\/index.php\/wp-json\/wp\/v2\/posts\/424\/revisions"}],"predecessor-version":[{"id":425,"href":"https:\/\/abeillesenville.fr\/index.php\/wp-json\/wp\/v2\/posts\/424\/revisions\/425"}],"wp:attachment":[{"href":"https:\/\/abeillesenville.fr\/index.php\/wp-json\/wp\/v2\/media?parent=424"}],"wp:term":[{"taxonomy":"category","embeddable":true,"href":"https:\/\/abeillesenville.fr\/index.php\/wp-json\/wp\/v2\/categories?post=424"},{"taxonomy":"post_tag","embeddable":true,"href":"https:\/\/abeillesenville.fr\/index.php\/wp-json\/wp\/v2\/tags?post=424"}],"curies":[{"name":"wp","href":"https:\/\/api.w.org\/{rel}","templated":true}]}}